[{"@context":"https:\/\/schema.org\/","@type":"Article","@id":"https:\/\/www.strakon-st.cz\/zajistete-si-i-vy-to-nejkrasnejsi-a-nejklidnejsi-ubytovani-v-benecku\/#Article","mainEntityOfPage":"https:\/\/www.strakon-st.cz\/zajistete-si-i-vy-to-nejkrasnejsi-a-nejklidnejsi-ubytovani-v-benecku\/","headline":"Zajist\u011bte si i Vy to nejkr\u00e1sn\u011bj\u0161\u00ed a nejklidn\u011bj\u0161\u00ed ubytov\u00e1n\u00ed v Benecku!","name":"Zajist\u011bte si i Vy to nejkr\u00e1sn\u011bj\u0161\u00ed a nejklidn\u011bj\u0161\u00ed ubytov\u00e1n\u00ed v Benecku!","description":"M\u00e1te v pl\u00e1nu za\u017e\u00edt se svou rodinou spoustu legrace, pohody a relaxace na Va\u0161\u00ed dovolen\u00e9? Bl\u00ed\u017e\u00ed se doba Va\u0161\u00ed dovolen\u00e9 a Vy proto hled\u00e1te n\u011bjak\u00e9 kr\u00e1sn\u00e9 a nav\u00edc tak\u00e9 velmi p\u0159\u00edjemn\u00e9 m\u00edsto, kde str\u00e1v\u00edte kr\u00e1sn\u00e9 chv\u00edle a kde si nav\u00edc Va\u0161e d\u011bti u\u017eij\u00ed spoustu legrace a dobrodru\u017estv\u00ed? Pak ur\u010dit\u011b nev\u00e1hejte,","datePublished":"2024-12-07","dateModified":"2024-12-07","author":{"@type":"Person","@id":"https:\/\/www.strakon-st.cz\/author\/#Person","name":"","url":"https:\/\/www.strakon-st.cz\/author\/","identifier":1,"image":{"@type":"ImageObject","@id":"https:\/\/secure.gravatar.com\/avatar\/68b3ed45b3ae6ecdad6bfa25b4077e93536d7764172b2830acbdb661d7242512?s=96&d=mm&r=g","url":"https:\/\/secure.gravatar.com\/avatar\/68b3ed45b3ae6ecdad6bfa25b4077e93536d7764172b2830acbdb661d7242512?s=96&d=mm&r=g","height":96,"width":96}},"publisher":{"@type":"Organization","name":"strakon-st.cz","logo":{"@type":"ImageObject","@id":"\/logo.png","url":"\/logo.png","width":600,"height":60}},"url":"https:\/\/www.strakon-st.cz\/zajistete-si-i-vy-to-nejkrasnejsi-a-nejklidnejsi-ubytovani-v-benecku\/","wordCount":452,"articleBody":"M\u00e1te v pl\u00e1nu za\u017e\u00edt se svou rodinou spoustu legrace, pohody a relaxace na Va\u0161\u00ed dovolen\u00e9? Bl\u00ed\u017e\u00ed se doba Va\u0161\u00ed dovolen\u00e9 a Vy proto hled\u00e1te n\u011bjak\u00e9 kr\u00e1sn\u00e9 a nav\u00edc tak\u00e9 velmi p\u0159\u00edjemn\u00e9 m\u00edsto, kde str\u00e1v\u00edte kr\u00e1sn\u00e9 chv\u00edle a kde si nav\u00edc Va\u0161e d\u011bti u\u017eij\u00ed spoustu legrace a dobrodru\u017estv\u00ed? Pak ur\u010dit\u011b nev\u00e1hejte, a objednejte si i Vy to nejkr\u00e1sn\u011bj\u0161\u00ed ubytov\u00e1n\u00ed v lokalit\u011b Benecka. Skv\u011bl\u00e1 chata Benecko V\u00e1m p\u0159inese to nejkr\u00e1sn\u011bj\u0161\u00ed a nav\u00edc tak\u00e9 velmi p\u0159\u00edjemn\u00e9 ubytov\u00e1n\u00ed, kter\u00e9 nav\u00edc disponuje jen tou nejni\u017e\u0161\u00ed cenou, kter\u00e1 V\u00e1s ur\u010dit\u011b pot\u011b\u0161\u00ed. Cht\u011bli byste svou dovolenou str\u00e1vit nap\u0159\u00edklad v zim\u011b v n\u011bjak\u00e9m skv\u011bl\u00e9m st\u0159edisku, kde za\u017eijete spoustu legrace a Va\u0161e d\u011bti nav\u00edc budou m\u00edt tak\u00e9 pln\u00fd program? Pak ur\u010dit\u011b nev\u00e1hejte, a obra\u0165te se na ten nejlep\u0161\u00ed penzion Benecko, kter\u00fd m\u00e1 v bl\u00edzkosti b\u00e1je\u010dn\u00fd skiare\u00e1l a nav\u00edc tak\u00e9 spoustu b\u011b\u017eeck\u00fdch trat\u00ed. Proto ur\u010dit\u011b nev\u00e1hejte, a pokud si chcete svou dovolenou naprosto u\u017e\u00edt, pak chata Benecko je pro V\u00e1s jist\u011b t\u00edm nejlep\u0161\u00edm \u0159e\u0161en\u00edm.Spousta sportovn\u00edho a kulturn\u00edho vy\u017eit\u00ed pro V\u00e1s i celou Va\u0161i rodinu je tu!Tak\u00e9 hled\u00e1te n\u011bjakou vhodnou lokalitu pro V\u00e1s a celou Va\u0161i rodinu, kde str\u00e1v\u00edte kr\u00e1sn\u00e9 chv\u00edle Va\u0161\u00ed dovolen\u00e9? Ale bohu\u017eel nem\u016f\u017eete naj\u00edt takov\u00e9 m\u00edsto, kde by byla i spousta kulturn\u00edch \u010di sportovn\u00edch program\u016f? Pak ur\u010dit\u011b nev\u00e1hejte, a p\u0159ije\u010fte se i Vy pod\u00edvat do kr\u00e1sn\u00e9 lokality Benecka, kde naleznete spoustu kr\u00e1sn\u00fdch kulturn\u00edch pam\u00e1tek \u010di sportovn\u00edch atrakc\u00ed. Tato skv\u011bl\u00e1 chata Benecko V\u00e1m mimo jin\u00e9 m\u016f\u017ee nab\u00eddnout i to nejp\u0159\u00edjemn\u011bj\u0161\u00ed a velmi kvalitn\u00ed ubytov\u00e1n\u00ed a to nav\u00edc za tu nejni\u017e\u0161\u00ed cenu, kter\u00e1 V\u00e1s ur\u010dit\u011b pot\u011b\u0161\u00ed. Jednou ze spousty v\u00fdhod tohoto skv\u011bl\u00e9ho ubytov\u00e1n\u00ed je p\u0159edev\u0161\u00edm jeho lokalita, nebo\u0165 se nach\u00e1z\u00ed naprosto obklopen\u00e9 p\u0159\u00edrodou. A nav\u00edc toto skv\u011bl\u00e9 ubytov\u00e1n\u00ed je vhodn\u00e9 pro rodiny s d\u011btmi. Proto ur\u010dit\u011b nev\u00e1hejte, a pokud chcete za\u017e\u00edt svou dovolenou v n\u011bjak\u00e9 velmi p\u0159\u00edjemn\u00e9 lokalit\u011b, pak lokalita Benecko je pro V\u00e1s jist\u011b tou pravou. Pokud tedy m\u00e1te velkou rodinu a chcete svou letn\u00ed \u010di zimn\u00ed dovolenou str\u00e1vit v n\u011bjak\u00e9 p\u0159\u00edjemn\u00e9 lokalit\u011b, pak ur\u010dit\u011b zav\u00edtejte do Benecka.                                                                                                                                                                                                                                                                                                                                                                                        4\/5 - (3 votes)        "},{"@context":"https:\/\/schema.org\/","@type":"BreadcrumbList","itemListElement":[{"@type":"ListItem","position":1,"name":"Zajist\u011bte si i Vy to nejkr\u00e1sn\u011bj\u0161\u00ed a nejklidn\u011bj\u0161\u00ed ubytov\u00e1n\u00ed v Benecku!","item":"https:\/\/www.strakon-st.cz\/zajistete-si-i-vy-to-nejkrasnejsi-a-nejklidnejsi-ubytovani-v-benecku\/#breadcrumbitem"}]}]