[{"@context":"https:\/\/schema.org\/","@type":"Article","@id":"https:\/\/www.strakon-st.cz\/vymente-sve-smutne-oploceni-za-nove\/#Article","mainEntityOfPage":"https:\/\/www.strakon-st.cz\/vymente-sve-smutne-oploceni-za-nove\/","headline":"Vym\u011b\u0148te sv\u00e9 smutn\u00e9 oplocen\u00ed za nov\u00e9!","name":"Vym\u011b\u0148te sv\u00e9 smutn\u00e9 oplocen\u00ed za nov\u00e9!","description":"Kone\u010dn\u011b pak budete m\u00edt radost! V\u017edy je nezbytn\u00e9, abychom m\u011bli ohrani\u010den\u00fd sv\u016fj pozemek. \u010casto se m\u016f\u017ee jednat o zv\u00ed\u0159ata, kter\u00e1 k n\u00e1m posl\u00e9ze neproniknou. M\u016f\u017ee se to zd\u00e1t jako mali\u010dkost, ale i mali\u010dkosti maj\u00ed ve sv\u011bt\u011b sv\u016fj podstatn\u00fd v\u00fdznam. Nebo tak\u00e9 o to, aby na\u0161e d\u011bti nevyjely jenom tak na","datePublished":"2017-01-28","dateModified":"2023-05-02","author":{"@type":"Person","@id":"https:\/\/www.strakon-st.cz\/author\/#Person","name":"","url":"https:\/\/www.strakon-st.cz\/author\/","identifier":1,"image":{"@type":"ImageObject","@id":"https:\/\/secure.gravatar.com\/avatar\/68b3ed45b3ae6ecdad6bfa25b4077e93536d7764172b2830acbdb661d7242512?s=96&d=mm&r=g","url":"https:\/\/secure.gravatar.com\/avatar\/68b3ed45b3ae6ecdad6bfa25b4077e93536d7764172b2830acbdb661d7242512?s=96&d=mm&r=g","height":96,"width":96}},"publisher":{"@type":"Organization","name":"strakon-st.cz","logo":{"@type":"ImageObject","@id":"\/logo.png","url":"\/logo.png","width":600,"height":60}},"url":"https:\/\/www.strakon-st.cz\/vymente-sve-smutne-oploceni-za-nove\/","about":["Zdrav\u00ed"],"wordCount":454,"articleBody":" Kone\u010dn\u011b pak budete m\u00edt radost! V\u017edy je nezbytn\u00e9, abychom m\u011bli ohrani\u010den\u00fd sv\u016fj pozemek. \u010casto se m\u016f\u017ee jednat o zv\u00ed\u0159ata, kter\u00e1 k n\u00e1m posl\u00e9ze neproniknou. M\u016f\u017ee se to zd\u00e1t jako mali\u010dkost, ale i mali\u010dkosti maj\u00ed ve sv\u011bt\u011b sv\u016fj podstatn\u00fd v\u00fdznam. Nebo tak\u00e9 o to, aby na\u0161e d\u011bti nevyjely jenom tak na trojkolce na cestu, kter\u00e1 je opod\u00e1l. Plot by v\u017edy m\u011bl plnit funkci ochranou a tak\u00e9 zabezpe\u010duj\u00edc\u00ed. Samoz\u0159ejm\u011b, \u017ee v dne\u0161n\u00ed dob\u011b chceme, aby dob\u0159e vypadal a plnil tak\u00e9 funkci estetickou. \u010ci zabra\u0148uj\u00edc\u00ed ostatn\u00edm o\u010d\u00edm, aby n\u00e1m koukaly takzvan\u011b \u201ea\u017e do tal\u00ed\u0159e\u201c.&#13; Jist\u011b si u\u017e doma nikdo nepostav\u00ed star\u00e9 a ztrouchniv\u011bl\u00e9 d\u0159evo, kter\u00e9 je nepraktick\u00e9 a nepln\u00ed takovouto \u00falohu. Jist\u011b nechcete, aby v\u00e1m podobn\u00e9 d\u0159evo \u010di pr\u00e1v\u011b d\u0159ev\u011bn\u00e9 \u0161palky zar\u016fstaly mechem. Proto je v\u00fdhodn\u00e9 vym\u011bnit star\u00fd a \u0161kared\u00fd materi\u00e1l, kter\u00fd je opot\u0159ebovan\u00fd pr\u00e1v\u011b za n\u011bco hezk\u00e9ho a modern\u00edho, co v\u00e1m d\u00e9le vydr\u017e\u00ed. Nebude to m\u011bnit barvu ani to nebude trouchniv\u011bt. Bude to pevn\u011b st\u00e1t a tak\u00e9 to bude n\u00e1ramn\u011b udr\u017eovat stabilitu. Nezni\u010d\u00ed se takov\u00fdto plot p\u0159i prvn\u00ed vich\u0159ici a bude pevnou oporou na\u0161eho domova.Velice vhodn\u00fdm materi\u00e1lem se proto jev\u00ed beton, kter\u00fd je opravdu odoln\u00fd a tak\u00e9 z\u00e1rove\u0148 pevn\u00fd, tak\u017ee v\u00e1m jej jenom tak n\u011bkdo nevyvr\u00e1t\u00ed. Plotov\u00e9 d\u00edlce betonov\u00e9 jsou ide\u00e1ln\u00ed volbou. Existuj\u00ed varianty, ze kter\u00fdch si m\u016f\u017eete vyb\u00edrat. Jedn\u00e1 se o proveden\u00ed:Pln\u00e9\u2013 toto proveden\u00ed je z cel\u00fdch panel\u016f a zaji\u0161\u0165uje tak naprost\u00e9 soukrom\u00ed. P\u0159es tyto ploty nejde nic vid\u011bt a jsou tak opravdu zabezpe\u010duj\u00edc\u00ed co se t\u00fd\u010de va\u0161eho pozemku a va\u0161eho domova. Mohou v\u0161ak b\u00fdt r\u016fzn\u011b vysok\u00e9, tak\u017ee z\u00e1le\u017e\u00ed na va\u0161\u00ed p\u0159edstav\u011b.S otvory\u2013 toho proveden\u00ed se objevuje v\u011bt\u0161inou ve form\u011b: spodn\u00ed \u010d\u00e1st je pln\u00e1, nad t\u00edm je proveden\u00ed, kter\u00e9 je pr\u00e1v\u011b s otvory. Hod\u00ed se naprosto ke ka\u017ed\u00e9mu domovu. Dopln\u00ed kr\u00e1sn\u00fdm a elegantn\u00edm zp\u016fsobem va\u0161i zahradu a okol\u00ed va\u0161eho prostranstv\u00ed. M\u016f\u017ee b\u00fdt spodn\u00ed \u010d\u00e1st velice n\u00edzk\u00e1 a na tom formou nap\u0159\u00edklad \u0161pru\u0161l\u00ed \u010d\u00e1st s otvory. V\u0161echno z praktick\u00e9ho a stejn\u00e9ho materi\u00e1lu.Kombinovan\u00e9\u2013 toto proveden\u00ed je kombinac\u00ed jak pln\u00e9 sou\u010d\u00e1sti, tak pr\u00e1v\u011b panel\u016f s otvory. Tyto samoz\u0159ejm\u011b tak\u00e9 existuj\u00ed ve v\u00edce proveden\u00edch a r\u016fzn\u00fdch variant\u00e1ch.                                                                                                                                                                                                                                                                                                                                                                                        4.5\/5 - (8 votes)        "},{"@context":"https:\/\/schema.org\/","@type":"BreadcrumbList","itemListElement":[{"@type":"ListItem","position":1,"name":"Vym\u011b\u0148te sv\u00e9 smutn\u00e9 oplocen\u00ed za nov\u00e9!","item":"https:\/\/www.strakon-st.cz\/vymente-sve-smutne-oploceni-za-nove\/#breadcrumbitem"}]}]