[{"@context":"https:\/\/schema.org\/","@type":"Article","@id":"https:\/\/www.strakon-st.cz\/starat-sa-je-nasou-zalubou-i-povinnostou\/#Article","mainEntityOfPage":"https:\/\/www.strakon-st.cz\/starat-sa-je-nasou-zalubou-i-povinnostou\/","headline":"Stara\u0165 sa je na\u0161ou z\u00e1\u013eubou i povinnos\u0165ou","name":"Stara\u0165 sa je na\u0161ou z\u00e1\u013eubou i povinnos\u0165ou","description":"Ruky s\u00fa presne tou \u010das\u0165ou tela, ktor\u00fa v\u0161etci neust\u00e1le pou\u017e\u00edvame a m\u00e1lokedy si uvedom\u00edme ich d\u00f4le\u017eitos\u0165. \u010casto a\u017e vtedy, ke\u010f je neskoro. Napr\u00edklad v pr\u00edpade, \u017ee si jednu alebo nedajbo\u017ee obe zlom\u00edme. Vtedy zrazu zist\u00edte, \u017ee bez ruky ste zrazu bezvl\u00e1dni. Nenadarmo sa hovor\u00ed, \u017ee ste ako bez ruky, ke\u010f","datePublished":"2023-05-02","dateModified":"2023-05-02","author":{"@type":"Person","@id":"https:\/\/www.strakon-st.cz\/author\/#Person","name":"","url":"https:\/\/www.strakon-st.cz\/author\/","identifier":1,"image":{"@type":"ImageObject","@id":"https:\/\/secure.gravatar.com\/avatar\/68b3ed45b3ae6ecdad6bfa25b4077e93536d7764172b2830acbdb661d7242512?s=96&d=mm&r=g","url":"https:\/\/secure.gravatar.com\/avatar\/68b3ed45b3ae6ecdad6bfa25b4077e93536d7764172b2830acbdb661d7242512?s=96&d=mm&r=g","height":96,"width":96}},"publisher":{"@type":"Organization","name":"strakon-st.cz","logo":{"@type":"ImageObject","@id":"\/logo.png","url":"\/logo.png","width":600,"height":60}},"url":"https:\/\/www.strakon-st.cz\/starat-sa-je-nasou-zalubou-i-povinnostou\/","about":["Zdrav\u00ed"],"wordCount":350,"articleBody":"Ruky s\u00fa presne tou \u010das\u0165ou tela, ktor\u00fa v\u0161etci neust\u00e1le pou\u017e\u00edvame a m\u00e1lokedy si uvedom\u00edme ich d\u00f4le\u017eitos\u0165. \u010casto a\u017e vtedy, ke\u010f je neskoro. Napr\u00edklad v pr\u00edpade, \u017ee si jednu alebo nedajbo\u017ee obe zlom\u00edme. Vtedy zrazu zist\u00edte, \u017ee bez ruky ste zrazu bezvl\u00e1dni. Nenadarmo sa hovor\u00ed, \u017ee ste ako bez ruky, ke\u010f v\u00e1m nie\u010do v\u00fdrazne ch\u00fdba.Neprezr\u00e1dzajme zbyto\u010dne vek&#13; Pravdou v\u0161ak je, \u017ee hlavne pr\u00edslu\u0161n\u00ed\u010dky ne\u017en\u00e9ho pohlavia si uvedomuj\u00fa d\u00f4le\u017eitos\u0165 starostlivosti o ne, preto\u017ee pr\u00e1ve na poko\u017eke r\u00fak sa \u013eahko d\u00e1 pozna\u0165 vek \u017eeny. Preto im \u010dasto dopraj\u00fa v\u00fd\u017eivn\u00fd kr\u00e9m, vitam\u00ednov\u00fa masku alebo profesion\u00e1lnu manik\u00faru. A ako sme u\u017e zmienili, pre niektor\u00fdch mu\u017eov je tie\u017e d\u00f4le\u017eit\u00e9, aby ste mali pestovan\u00e9 nechty, preto\u017ee pr\u00e1ve ony im pripadaj\u00fa na \u017eensk\u00fdch ruk\u00e1ch najpr\u00ed\u0165a\u017elivej\u0161ie.&#13; Najhor\u0161ie toti\u017e je, ke\u010f stretnete \u017eenu vyzeraj\u00facu dokonale, av\u0161ak m\u00e1 napr\u00edklad \u0161pinav\u00e9 alebo ohryzen\u00e9 nechty.&#13; Vtedy ako keby m\u00e1vnut\u00edm \u010darovn\u00e9ho pr\u00fatika stratila dev\u00e4\u0165desiatdev\u00e4\u0165 percent svojej p\u00f4vodnej pr\u00ed\u0165a\u017elivosti. Mo\u017eno va\u0161a \u017eena alebo partnerka tvrd\u00ed, \u017ee na tak\u00e9 ta\u013eafatky nem\u00e1 \u010das. Ale to je ako keby niekto tvrdil, \u017ee nem\u00e1 \u010das umy\u0165 si zuby \u010di vlasy, majte sa preto na pozore. \u010caro \u017eeny toti\u017e spo\u010d\u00edva v celistvosti, ktor\u00e1 sa d\u00e1 rozdeli\u0165 na ve\u013ek\u00e9 mno\u017estvo men\u0161\u00edch, ale v\u0161etk\u00fdch dokonal\u00fdch, \u010dast\u00ed.Lenivos\u0165 sa m\u00f4\u017ee nevyplati\u0165&#13; A rada pre n\u00e1s \u017eeny a diev\u010dat\u00e1 na z\u00e1ver. Nikdy nenech\u00e1vajme starostlivos\u0165 o ak\u00fako\u013evek \u010das\u0165 tela na posledn\u00fa chv\u00ed\u013eu, preto\u017ee t\u00fdm zbyto\u010dne str\u00e1came na pr\u00ed\u0165a\u017elivosti nielen v o\u010diach na\u0161ich partnerov, ale aj cudz\u00edch \u013eud\u00ed. \u017diadna z n\u00e1s sa predsa nechce necha\u0165 pripravi\u0165 o pr\u00edjemn\u00fd ve\u010der len preto, \u017ee sme boli leniv\u00e9 nanies\u0165 si lak alebo pou\u017ei\u0165 piln\u00edk.                                                                                                                                                                                                                                                                                                                                                                                        4.4\/5 - (8 votes)        "},{"@context":"https:\/\/schema.org\/","@type":"BreadcrumbList","itemListElement":[{"@type":"ListItem","position":1,"name":"Stara\u0165 sa je na\u0161ou z\u00e1\u013eubou i povinnos\u0165ou","item":"https:\/\/www.strakon-st.cz\/starat-sa-je-nasou-zalubou-i-povinnostou\/#breadcrumbitem"}]}]