[{"@context":"https:\/\/schema.org\/","@type":"Article","@id":"https:\/\/www.strakon-st.cz\/s-pronajatou-dodavkou-z-pujcovny-dodavek-praha-k-zapomenutym-mistum-v-cesku\/#Article","mainEntityOfPage":"https:\/\/www.strakon-st.cz\/s-pronajatou-dodavkou-z-pujcovny-dodavek-praha-k-zapomenutym-mistum-v-cesku\/","headline":"S pronajatou dod\u00e1vkou z p\u016fj\u010dovny dod\u00e1vek Praha k zapomenut\u00fdm m\u00edst\u016fm v \u010cesku","name":"S pronajatou dod\u00e1vkou z p\u016fj\u010dovny dod\u00e1vek Praha k zapomenut\u00fdm m\u00edst\u016fm v \u010cesku","description":"P\u0159epravn\u00ed dod\u00e1vky s hmotnost\u00ed do 3,5 tuny se nevyu\u017e\u00edvaj\u00ed jen pro \u00fa\u010dely p\u0159evozu materi\u00e1lu nebo pro st\u011bhov\u00e1n\u00ed, lid\u00e9 s nimi cestuj\u00ed na dovolenou a na v\u00fdlety, zvl\u00e1\u0161t\u011b tehdy, maj\u00ed-li mo\u017enost b\u00fdt na jednom m\u00edst\u011b s p\u0159\u00e1teli, s nimi\u017e pro\u017e\u00edvaj\u00ed i spole\u010dn\u011b napl\u00e1novan\u00fd program. Pr\u00e1v\u011b z tohoto d\u016fvodu b\u00fdvaj\u00ed tato vozidla","datePublished":"2020-08-07","dateModified":"2023-09-13","author":{"@type":"Person","@id":"https:\/\/www.strakon-st.cz\/author\/#Person","name":"","url":"https:\/\/www.strakon-st.cz\/author\/","identifier":1,"image":{"@type":"ImageObject","@id":"https:\/\/secure.gravatar.com\/avatar\/68b3ed45b3ae6ecdad6bfa25b4077e93536d7764172b2830acbdb661d7242512?s=96&d=mm&r=g","url":"https:\/\/secure.gravatar.com\/avatar\/68b3ed45b3ae6ecdad6bfa25b4077e93536d7764172b2830acbdb661d7242512?s=96&d=mm&r=g","height":96,"width":96}},"publisher":{"@type":"Organization","name":"strakon-st.cz","logo":{"@type":"ImageObject","@id":"\/logo.png","url":"\/logo.png","width":600,"height":60}},"image":{"@type":"ImageObject","@id":"https:\/\/www.strakon-st.cz\/wp-content\/uploads\/lesn%C3%AD%20porost.jpg","url":"https:\/\/www.strakon-st.cz\/wp-content\/uploads\/lesn%C3%AD%20porost.jpg","height":0,"width":0},"url":"https:\/\/www.strakon-st.cz\/s-pronajatou-dodavkou-z-pujcovny-dodavek-praha-k-zapomenutym-mistum-v-cesku\/","about":["Produkty"],"wordCount":422,"articleBody":"           P\u0159epravn\u00ed dod\u00e1vky s hmotnost\u00ed do 3,5 tuny se nevyu\u017e\u00edvaj\u00ed jen pro \u00fa\u010dely p\u0159evozu materi\u00e1lu nebo pro st\u011bhov\u00e1n\u00ed, lid\u00e9 s nimi cestuj\u00ed na dovolenou a na v\u00fdlety, zvl\u00e1\u0161t\u011b tehdy, maj\u00ed-li mo\u017enost b\u00fdt na jednom m\u00edst\u011b s p\u0159\u00e1teli, s nimi\u017e pro\u017e\u00edvaj\u00ed i spole\u010dn\u011b napl\u00e1novan\u00fd program. Pr\u00e1v\u011b z tohoto d\u016fvodu b\u00fdvaj\u00ed tato vozidla v letn\u00edch m\u011bs\u00edc\u00edch ob\u010das nedostupn\u00e1 a jsou rezervovan\u00e1 na n\u011bkolik t\u00fddn\u016f dop\u0159edu.Vycestovat s upraven\u00fdm vozem pro v\u00edce osob z p\u016fj\u010dovny dod\u00e1vek Praha a s v\u011bt\u0161\u00edm zavazadlov\u00fdm prostorem sk\u00fdt\u00e1 sv\u00e9 v\u00fdhody. Jste v\u0161ichni pohromad\u011b, \u0159\u00edzen\u00ed se nemus\u00ed ujmout jen jeden z v\u00e1s a program voln\u00fdch dn\u016f p\u0159izp\u016fsob\u00edte v\u017edy pru\u017en\u011b podle okolnost\u00ed. Pokud se dok\u00e1\u017eete shodnout na pl\u00e1nu cesty, m\u016f\u017eete si t\u00edmto zp\u016fsobem u\u017e\u00edt i pobyt v lokalit\u00e1ch, kter\u00e9 v \u010cesk\u00e9 republice pat\u0159\u00ed nepr\u00e1vem k zapomenut\u00fdm. Pr\u00e1v\u011b tam na\u010derp\u00e1te spoustu energie, dobijete baterky a budete mo\u017en\u00e1 p\u0159ekvapeni, jak\u00e1 p\u0159ekr\u00e1sn\u00e1 p\u0159\u00edrodn\u00ed z\u00e1kout\u00ed tu m\u016f\u017eete spat\u0159it.\u010cesk\u00fd les \u2013 t\u00e9m\u011b\u0159 neobydlen\u00fd kraj, kter\u00fd se t\u00e1hne pod\u00e9l hranic s Bavorskem od L\u00e1zn\u00ed Kyn\u017evart p\u0159es Tachov, B\u011blou nad Radbuzou a\u017e k Doma\u017elic\u00edm. V\u011bt\u0161ina plochy byla 40 let uzav\u0159ena za \u017deleznou oponou a dnes nen\u00ed ani pr\u016fmyslov\u011b vyu\u017e\u00edv\u00e1na. Je to souvisl\u00fd p\u00e1s lesa s minimem obc\u00ed, ale s kr\u00e1sn\u00fdmi vyhl\u00eddkami do krajiny. Jeho sou\u010d\u00e1st\u00ed je tak\u00e9 Chodsko.Okol\u00ed \u0159eky St\u0159ely \u2013 podobn\u00e1 dobrodru\u017estv\u00ed v\u00e1s \u010dekaj\u00ed na St\u0159ele. Prozkoumat ji m\u016f\u017eete od obce Chy\u0161e p\u0159es Rab\u0161tejn, Man\u011bt\u00edn, Mladotice a Plasy, a\u017e k Doln\u00edmu Hradi\u0161ti a soutoku s Berounkou. Mo\u017en\u00e1 v\u00e1s tu p\u0159ekvap\u00ed hlubok\u00e9 lesy, velmi \u010dist\u00fd vzduch a hlavn\u011b bo\u017esk\u00fd klid.\u0160luknovsk\u00fd v\u00fdb\u011b\u017eek \u2013 od Doln\u00ed Poustevny p\u0159es \u0160luknov a\u017e k Rumburku a Varnsdorfu s rozhlednami Vl\u010d\u00ed hora a Dymn\u00edk pat\u0159\u00ed k nejkr\u00e1sn\u011bj\u0161\u00edm oblastem severn\u00edch \u010cech. V\u011bt\u0161ina turist\u016f sm\u011b\u0159uje do sousedn\u00edho \u010cesko-sask\u00e9ho \u0160v\u00fdcarska, ale zde, na \u0160luknovsku t\u00e9m\u011b\u0159 \u017e\u00e1dn\u00e9 turisty nepotk\u00e1te. T\u00e1bo\u0159it se tu d\u00e1 t\u00e9m\u011b\u0159 kdekoli a lze vyu\u017e\u00edt i pohostinn\u00fdch penzion\u016f nebo t\u0159eba ekofarmy na Valdeku.                                                                                                                                                                                                                                                                                                                                                                                          4.1\/5 - (9 votes)        "},{"@context":"https:\/\/schema.org\/","@type":"BreadcrumbList","itemListElement":[{"@type":"ListItem","position":1,"name":"S pronajatou dod\u00e1vkou z p\u016fj\u010dovny dod\u00e1vek Praha k zapomenut\u00fdm m\u00edst\u016fm v \u010cesku","item":"https:\/\/www.strakon-st.cz\/s-pronajatou-dodavkou-z-pujcovny-dodavek-praha-k-zapomenutym-mistum-v-cesku\/#breadcrumbitem"}]}]