[{"@context":"https:\/\/schema.org\/","@type":"Article","@id":"https:\/\/www.strakon-st.cz\/pojdte-se-zamerit-na-baleni-zbozi-do-klasickych-materialu-ktere-jsou-recyklovatelne-a-pritom-pekne\/#Article","mainEntityOfPage":"https:\/\/www.strakon-st.cz\/pojdte-se-zamerit-na-baleni-zbozi-do-klasickych-materialu-ktere-jsou-recyklovatelne-a-pritom-pekne\/","headline":"Poj\u010fte se zam\u011b\u0159it na balen\u00ed zbo\u017e\u00ed do klasick\u00fdch materi\u00e1l\u016f, kter\u00e9 jsou recyklovateln\u00e9 a p\u0159itom p\u011bkn\u00e9.","name":"Poj\u010fte se zam\u011b\u0159it na balen\u00ed zbo\u017e\u00ed do klasick\u00fdch materi\u00e1l\u016f, kter\u00e9 jsou recyklovateln\u00e9 a p\u0159itom p\u011bkn\u00e9.","description":"Pro\u010d pr\u00e1v\u011b pap\u00edrov\u00e9 ta\u0161ky s potiskem se t\u011b\u0161\u00ed takov\u00e9 oblib\u011b u prodejc\u016f? Proto\u017ee svou roli hraje hned n\u011bkolik faktor\u016f, kter\u00e9 je pot\u0159eba zm\u00ednit. Za prv\u00e9 je to tlak ekologick\u00e9ho pojet\u00ed ka\u017edodenn\u00edch pot\u0159eb, kter\u00e9 n\u00e1s vede zp\u011bt ke tradi\u010dn\u00edm materi\u00e1l\u016fm jako je bavlna, pl\u00e1tno i pap\u00edr. M\u016f\u017eeme tak zodpov\u011bdn\u011b v\u011bd\u011bt, \u017ee","datePublished":"2023-05-02","dateModified":"2023-05-02","author":{"@type":"Person","@id":"https:\/\/www.strakon-st.cz\/author\/#Person","name":"","url":"https:\/\/www.strakon-st.cz\/author\/","identifier":1,"image":{"@type":"ImageObject","@id":"https:\/\/secure.gravatar.com\/avatar\/68b3ed45b3ae6ecdad6bfa25b4077e93536d7764172b2830acbdb661d7242512?s=96&d=mm&r=g","url":"https:\/\/secure.gravatar.com\/avatar\/68b3ed45b3ae6ecdad6bfa25b4077e93536d7764172b2830acbdb661d7242512?s=96&d=mm&r=g","height":96,"width":96}},"publisher":{"@type":"Organization","name":"strakon-st.cz","logo":{"@type":"ImageObject","@id":"\/logo.png","url":"\/logo.png","width":600,"height":60}},"url":"https:\/\/www.strakon-st.cz\/pojdte-se-zamerit-na-baleni-zbozi-do-klasickych-materialu-ktere-jsou-recyklovatelne-a-pritom-pekne\/","about":["Zdrav\u00ed"],"wordCount":483,"articleBody":"Pro\u010d pr\u00e1v\u011b pap\u00edrov\u00e9 ta\u0161ky s potiskem se t\u011b\u0161\u00ed takov\u00e9 oblib\u011b u prodejc\u016f? Proto\u017ee svou roli hraje hned n\u011bkolik faktor\u016f, kter\u00e9 je pot\u0159eba zm\u00ednit. Za prv\u00e9 je to tlak ekologick\u00e9ho pojet\u00ed ka\u017edodenn\u00edch pot\u0159eb, kter\u00e9 n\u00e1s vede zp\u011bt ke tradi\u010dn\u00edm materi\u00e1l\u016fm jako je bavlna, pl\u00e1tno i pap\u00edr. M\u016f\u017eeme tak zodpov\u011bdn\u011b v\u011bd\u011bt, \u017ee na\u0161i z\u00e1kazn\u00edci p\u0159i likvidaci takov\u00fdch obal\u016f nebudou t\u011bmi, kdo by po\u0161kozovali na\u0161\u00ed p\u0159\u00edrodu v\u00edce. Igelitov\u00e9 a \u0161patn\u011b likvidovateln\u00e9 obaly tak pozvolna miz\u00ed z trhu a nahrazuj\u00ed je ekologi\u010dt\u011bj\u0161\u00ed n\u00e1hrady. M\u016f\u017eete si je nechat libovoln\u011b ozna\u010dit logem spole\u010dnosti nebo prodejny. Dal\u0161\u00edm nezanedbateln\u00fdm faktem je, \u017ee na co jin\u00e9ho tisknout, ne\u017e na pap\u00edr. Proto jsou pr\u00e1v\u011b takov\u00e9 obaly na va\u0161e zbo\u017e\u00ed velmi praktick\u00e9. Z\u00e1kazn\u00edk si toti\u017e donese zbo\u017e\u00ed dom\u016f v poti\u0161t\u011bn\u00e9m obalu, kter\u00fd na prvn\u00ed pohled hl\u00e1s\u00e1, odkud si v\u011bci p\u0159in\u00e1\u0161\u00ed. Nese si tedy va\u0161i reklamu s sebou spolu se zakoupen\u00fdm zbo\u017e\u00edm. M\u016f\u017eete si vybrat, jak\u00fd druh pap\u00edrov\u00e9 ta\u0161ky s potiskemchcete a jak\u00e1 ucha budou nejlep\u0161\u00ed pro odnos va\u0161eho zbo\u017e\u00ed z hlediska v\u00e1hy v\u00fdrobku. Pr\u00e1v\u011b tohle je jist\u011b d\u016fle\u017eit\u00e9 proto, aby z\u00e1kazn\u00edk donesl zbo\u017e\u00ed v po\u0159\u00e1dku a\u017e dom\u016f, p\u0159\u00edpadn\u011b i na del\u0161\u00ed vzd\u00e1lenost. V\u011bt\u0161inou b\u00fdv\u00e1 nosnost cca od 5 kilogram\u016fdo 14 kilogram\u016f. Materi\u00e1l je tuh\u00fd, tak\u017ee je m\u00e1lo pravd\u011bpodobn\u00e9, \u017ee by ho mohlo ne\u0161en\u00e9 zbo\u017e\u00ed jakkoli po\u0161kodit. Nemus\u00edte se tedy ob\u00e1vat, \u017ee by se pap\u00edrov\u00e9 ta\u0161ky s potiskem n\u011bjak rychleji opot\u0159ebov\u00e1valy, p\u0159\u00edpadn\u011b neplnily sv\u016fj ur\u010den\u00fd \u00fa\u010del. Chcete skl\u00e1dan\u00e9 s ploch\u00fdm dnem? Pr\u00e1v\u011b tento druh je nejb\u011b\u017en\u011bj\u0161\u00ed a z\u00e1rove\u0148 i nejprakti\u010dt\u011bj\u0161\u00ed, proto\u017ee umo\u017e\u0148uje odn\u00e1\u0161et z obchodu i rozm\u011brn\u011bj\u0161\u00ed v\u011bci ne\u017e jen drobnosti. Ur\u010ditou v\u00fdhodou jsou i ploch\u00e1 ucha, kter\u00e1 jsou p\u0159\u00edjemn\u011bj\u0161\u00ed pro odnos zbo\u017e\u00ed. Jsou do ruky p\u0159\u00edv\u011btiv\u011bj\u0161\u00ed a l\u00e9pe uchopiteln\u00e9. M\u016f\u017eete potisknout materi\u00e1l opravdu jak\u00fdmkoliv logem? Doru\u010dte k n\u00e1m va\u0161e logo v k\u0159ivk\u00e1ch, tedy nejvhodn\u011bj\u0161\u00edm form\u00e1tu pro s\u00edtotisk nebo vektorovou grafiku a my pro v\u00e1s u\u010din\u00edme maximum. Dodr\u017e\u00edme barevn\u00fd re\u017eim, abyste v\u0161e m\u011bli p\u0159esn\u011b podle va\u0161eho grafick\u00e9ho manu\u00e1lu. Dopln\u00edme podle p\u0159\u00e1n\u00ed i kontaktn\u00ed \u00fadaje, aby bylo jasn\u00e9, kdo za reklamou stoj\u00ed.A v neposledn\u00ed \u0159ad\u011b jsme v\u00e1m cht\u011bli \u0159\u00edci, \u017ee tohle v\u0161echno bude pro v\u00e1s za zaj\u00edmav\u011b levn\u00e9 ceny, kter\u00e9 v\u00e1s rozhodn\u011b pot\u011b\u0161\u00ed.                                                                                                                                                                                                                                                                                                                                                                                        4.2\/5 - (6 votes)        "},{"@context":"https:\/\/schema.org\/","@type":"BreadcrumbList","itemListElement":[{"@type":"ListItem","position":1,"name":"Poj\u010fte se zam\u011b\u0159it na balen\u00ed zbo\u017e\u00ed do klasick\u00fdch materi\u00e1l\u016f, kter\u00e9 jsou recyklovateln\u00e9 a p\u0159itom p\u011bkn\u00e9.","item":"https:\/\/www.strakon-st.cz\/pojdte-se-zamerit-na-baleni-zbozi-do-klasickych-materialu-ktere-jsou-recyklovatelne-a-pritom-pekne\/#breadcrumbitem"}]}]