[{"@context":"https:\/\/schema.org\/","@type":"Article","@id":"https:\/\/www.strakon-st.cz\/odvezeme-nejen-mobilni-domy\/#Article","mainEntityOfPage":"https:\/\/www.strakon-st.cz\/odvezeme-nejen-mobilni-domy\/","headline":"Odvezeme nejen mobiln\u00ed domy","name":"Odvezeme nejen mobiln\u00ed domy","description":"Nez\u00e1le\u017e\u00ed na tom, jak\u00fd nadm\u011brn\u00fd n\u00e1klad pot\u0159ebujete odv\u00e9zt na m\u00edsto ur\u010den\u00ed. Na\u0161e firma v\u00e1m zprost\u0159edkuje nadm\u011brnou p\u0159epravu jak\u00e9hokoli zbo\u017e\u00ed. Samoz\u0159ejm\u011b v\u00e1m r\u00e1di p\u0159eprav\u00edme tak\u00e9 n\u00e1klad standardn\u00edch rozm\u011br\u016f. Pokud byste r\u00e1di vyu\u017eili na\u0161ich slu\u017eeb, jist\u011b v\u00e1s zaj\u00edm\u00e1, co v\u0161echno na\u0161e slu\u017eby zahrnuj\u00ed.&#13; &#13; \u2022 Na\u0161e n\u00e1kladn\u00ed automobily v\u00e1m p\u0159eprav\u00ed standardn\u00ed n\u00e1klady","datePublished":"2023-05-02","dateModified":"2023-05-02","author":{"@type":"Person","@id":"https:\/\/www.strakon-st.cz\/author\/#Person","name":"","url":"https:\/\/www.strakon-st.cz\/author\/","identifier":1,"image":{"@type":"ImageObject","@id":"https:\/\/secure.gravatar.com\/avatar\/68b3ed45b3ae6ecdad6bfa25b4077e93536d7764172b2830acbdb661d7242512?s=96&d=mm&r=g","url":"https:\/\/secure.gravatar.com\/avatar\/68b3ed45b3ae6ecdad6bfa25b4077e93536d7764172b2830acbdb661d7242512?s=96&d=mm&r=g","height":96,"width":96}},"publisher":{"@type":"Organization","name":"strakon-st.cz","logo":{"@type":"ImageObject","@id":"\/logo.png","url":"\/logo.png","width":600,"height":60}},"url":"https:\/\/www.strakon-st.cz\/odvezeme-nejen-mobilni-domy\/","about":["Zdrav\u00ed"],"wordCount":392,"articleBody":"Nez\u00e1le\u017e\u00ed na tom, jak\u00fd nadm\u011brn\u00fd n\u00e1klad pot\u0159ebujete odv\u00e9zt na m\u00edsto ur\u010den\u00ed. Na\u0161e firma v\u00e1m zprost\u0159edkuje nadm\u011brnou p\u0159epravu jak\u00e9hokoli zbo\u017e\u00ed. Samoz\u0159ejm\u011b v\u00e1m r\u00e1di p\u0159eprav\u00edme tak\u00e9 n\u00e1klad standardn\u00edch rozm\u011br\u016f. Pokud byste r\u00e1di vyu\u017eili na\u0161ich slu\u017eeb, jist\u011b v\u00e1s zaj\u00edm\u00e1, co v\u0161echno na\u0161e slu\u017eby zahrnuj\u00ed.&#13; &#13; \u2022 Na\u0161e n\u00e1kladn\u00ed automobily v\u00e1m p\u0159eprav\u00ed standardn\u00ed n\u00e1klady i nadm\u011brn\u00e9 velikosti.&#13; \u2022 Nab\u00edz\u00edme v\u00e1m p\u0159epravu n\u00e1klad\u016f, spedici a vyt\u011b\u017eov\u00e1n\u00ed.&#13; \u2022 O sv\u00e9 zbo\u017e\u00ed nemus\u00edte m\u00edt strach. Samoz\u0159ejmost\u00ed na\u0161ich slu\u017eeb jsou tak\u00e9 doprovodn\u00e1 vozidla i speci\u00e1ln\u00ed p\u0159\u00edpravky pro nakl\u00e1dku.&#13; &#13; \u2022 Jsme firma s dlouholetou prax\u00ed v tomto oboru. Skute\u010dn\u011b se v t\u00e9to bran\u017ei vyzn\u00e1me a proto se na na\u0161e slu\u017eby m\u016f\u017eete bez obav spolehnout.&#13; \u2022 V\u00e1\u0161 n\u00e1klad doprav\u00edme na m\u00edsto ur\u010den\u00ed bez po\u0161kozen\u00ed a v rekordn\u00edm \u010dase.&#13; \u2022 Pro n\u00e1s nen\u00ed nic nemo\u017en\u00e9, pokud v\u00e1s jinde odm\u00edtli, zkuste se obr\u00e1tit na n\u00e1s. My v\u00e1s neodm\u00edtneme.&#13; \u2022 Jsme schopni postarat se tak\u00e9 o usazen\u00ed mobiln\u00edch dom\u016f.&#13; \u2022 Na\u0161e heslo zn\u00ed: Rychlost, flexibilita a jednozna\u010dn\u011b profesion\u00e1ln\u00ed p\u0159\u00edstup.&#13; Krom\u011b vnitrost\u00e1tn\u00ed n\u00e1kladn\u00ed autodopravy na \u00fazem\u00ed \u010cesk\u00e9 republiky jsme schopni zajistit tak\u00e9 mezin\u00e1rodn\u00ed n\u00e1kladn\u00ed autodopravu v r\u00e1mci st\u00e1t\u016f Evropsk\u00e9 unie. Na\u0161\u00ed hlavn\u00ed specializac\u00ed jsou mobiln\u00ed domy. V t\u00e9to oblasti m\u00e1me pouze zku\u0161en\u00e9 pracovn\u00edky s dlouholetou prax\u00ed. Zajist\u00edme v\u00e1m kompletn\u00ed servis, do kter\u00e9ho tak\u00e9 spad\u00e1 rekognoskace ter\u00e9nu p\u0159ed z\u00e1vozem. Disponujeme ve\u0161ker\u00fdm pot\u0159ebn\u00fdm vybaven\u00edm jako je je\u0159\u00e1b \u010di manipula\u010dn\u00ed technika. Nic n\u00e1s nezasko\u010d\u00ed a porad\u00edme si s ka\u017edou p\u0159ek\u00e1\u017ekou. V na\u0161em vozov\u00e9m parku najdete n\u011bkolik voz\u016f r\u016fzn\u00fdch typ\u016f. Pokud v\u00e1s zaj\u00edm\u00e1, co v\u0161e jsme ji\u017e realizovali, pod\u00edvejte se na na\u0161e reference. Na podrobn\u00fdch fotografi\u00edch se m\u016f\u017eete p\u0159esv\u011bd\u010dit o kvalit\u011b na\u0161\u00ed pr\u00e1ce. Vyu\u017eijte na\u0161e v\u00fdhodn\u00e9 ceny a vyberte si skute\u010dn\u011b spolehlivou firmu, kter\u00e1 spln\u00ed v\u0161e, na \u010dem se dohodnete. &#13;                                                                                                                                                                                                                                                                                                                                                                                         5\/5 - (4 votes)        "},{"@context":"https:\/\/schema.org\/","@type":"BreadcrumbList","itemListElement":[{"@type":"ListItem","position":1,"name":"Odvezeme nejen mobiln\u00ed domy","item":"https:\/\/www.strakon-st.cz\/odvezeme-nejen-mobilni-domy\/#breadcrumbitem"}]}]