[{"@context":"https:\/\/schema.org\/","@type":"Article","@id":"https:\/\/www.strakon-st.cz\/misto-pro-firemni-schuze\/#Article","mainEntityOfPage":"https:\/\/www.strakon-st.cz\/misto-pro-firemni-schuze\/","headline":"M\u00edsto pro firemn\u00ed sch\u016fze","name":"M\u00edsto pro firemn\u00ed sch\u016fze","description":"Naj\u00edt m\u00edsto pro firemn\u00ed sch\u016fze nemus\u00ed b\u00fdt a\u017e tak lehk\u00fd \u00fakol, jak by se na prvn\u00ed pohled mohlo zd\u00e1t. Plat\u00ed to zvl\u00e1\u0161t\u011b pro takov\u00fd typ firem, kter\u00fd disponuje v\u011bt\u0161\u00edm po\u010dtem zam\u011bstnanc\u016f. Pro takov\u00e9 spole\u010dnosti je krajn\u011b nevhodn\u00e9 d\u011blat jak\u00fdkoliv typ sch\u016fzek \u010di firemn\u00edch akc\u00ed p\u0159\u00edmo v prostor\u00e1ch firmy. Proto je","datePublished":"2024-04-05","dateModified":"2024-04-05","author":{"@type":"Person","@id":"https:\/\/www.strakon-st.cz\/author\/#Person","name":"","url":"https:\/\/www.strakon-st.cz\/author\/","identifier":1,"image":{"@type":"ImageObject","@id":"https:\/\/secure.gravatar.com\/avatar\/68b3ed45b3ae6ecdad6bfa25b4077e93536d7764172b2830acbdb661d7242512?s=96&d=mm&r=g","url":"https:\/\/secure.gravatar.com\/avatar\/68b3ed45b3ae6ecdad6bfa25b4077e93536d7764172b2830acbdb661d7242512?s=96&d=mm&r=g","height":96,"width":96}},"publisher":{"@type":"Organization","name":"strakon-st.cz","logo":{"@type":"ImageObject","@id":"\/logo.png","url":"\/logo.png","width":600,"height":60}},"url":"https:\/\/www.strakon-st.cz\/misto-pro-firemni-schuze\/","wordCount":223,"articleBody":"Naj\u00edt m\u00edsto pro firemn\u00ed sch\u016fze nemus\u00ed b\u00fdt a\u017e tak lehk\u00fd \u00fakol, jak by se na prvn\u00ed pohled mohlo zd\u00e1t. Plat\u00ed to zvl\u00e1\u0161t\u011b pro takov\u00fd typ firem, kter\u00fd disponuje v\u011bt\u0161\u00edm po\u010dtem zam\u011bstnanc\u016f. Pro takov\u00e9 spole\u010dnosti je krajn\u011b nevhodn\u00e9 d\u011blat jak\u00fdkoliv typ sch\u016fzek \u010di firemn\u00edch akc\u00ed p\u0159\u00edmo v prostor\u00e1ch firmy. Proto je nutn\u00e9 naj\u00edt vhodn\u00e9 kongresov\u00e9 centrum, kter\u00e9 by svou kapacitou v\u0161echny pojalo a kter\u00e9 by nab\u00eddlo i kr\u00e1sn\u00e9 prostory. Je toti\u017e velk\u00fd rozd\u00edl, jestli m\u00e1 b\u00fdt firemn\u00ed \u00fasp\u011bch oslaven ve v\u00fdrobn\u00ed hale \u010di odpov\u00eddaj\u00edc\u00edm s\u00e1lu.Pln\u011b vybaven\u00e9 prostoryPln\u011b vybaven\u00e9 prostory kongresov\u00e9ho centra naleznete v are\u00e1lu na\u0161eho kr\u00e1sn\u00e9ho nov\u00e9ho \u010dty\u0159hv\u011bzdi\u010dkov\u00e9ho hotelu a restaurace Primavera nedaleko centra Plzn\u011b. Oslavte sv\u016fj firemn\u00ed \u00fasp\u011bch v na\u0161em kongresov\u00e9m centru a dobr\u00fd v\u00fdsledek budete m\u00edt v podstat\u011b u\u017e v kapse. Va\u0161i zam\u011bstnanci uvid\u00ed, \u017ee V\u00e1m na nich skute\u010dn\u011b z\u00e1le\u017e\u00ed a proto jste zajistili tak luxusn\u00ed kongresov\u00e9 centrum, jako je to na\u0161e. A na\u0161e ceny? Kontaktujte n\u00e1s a jist\u011b budete p\u0159\u00edjemn\u011b p\u0159ekvapeni t\u00edm, kolik si za sv\u00e9 reprezenta\u010dn\u00ed prostory \u017e\u00e1d\u00e1me.                                                                                                                                                                                                                                                                                                                                                                                        4\/5 - (4 votes)        "},{"@context":"https:\/\/schema.org\/","@type":"BreadcrumbList","itemListElement":[{"@type":"ListItem","position":1,"name":"M\u00edsto pro firemn\u00ed sch\u016fze","item":"https:\/\/www.strakon-st.cz\/misto-pro-firemni-schuze\/#breadcrumbitem"}]}]