[{"@context":"https:\/\/schema.org\/","@type":"Article","@id":"https:\/\/www.strakon-st.cz\/mikulas-kopernik-muz-mnoha-profesi\/#Article","mainEntityOfPage":"https:\/\/www.strakon-st.cz\/mikulas-kopernik-muz-mnoha-profesi\/","headline":"Mikul\u00e1\u0161 Kopern\u00edk \u2013 mu\u017e mnoha profes\u00ed","name":"Mikul\u00e1\u0161 Kopern\u00edk \u2013 mu\u017e mnoha profes\u00ed","description":"N\u011bkter\u00e1 jm\u00e9na z na\u0161\u00ed i sv\u011btov\u00e9 historie n\u00e1m natolik uv\u00edzla v pam\u011bti, \u017ee je tam ur\u010dit\u011b budeme nosit i v dob\u00e1ch, kdy na n\u00e1s bude \u00fato\u010dit Alzheimerova choroba. Jedn\u00edm z takov\u00fdch jmen je Mikul\u00e1\u0161 Kopern\u00edk. \u00a7\u00a0 A\u010dkoliv jeho jm\u00e9no zn\u00ed celkem \u010desky, poch\u00e1z\u00ed ze sousedn\u00edho Polska. \u00a7\u00a0 Kdy\u017e roku 1473","datePublished":"2020-09-18","dateModified":"2023-05-02","author":{"@type":"Person","@id":"https:\/\/www.strakon-st.cz\/author\/#Person","name":"","url":"https:\/\/www.strakon-st.cz\/author\/","identifier":1,"image":{"@type":"ImageObject","@id":"https:\/\/secure.gravatar.com\/avatar\/68b3ed45b3ae6ecdad6bfa25b4077e93536d7764172b2830acbdb661d7242512?s=96&d=mm&r=g","url":"https:\/\/secure.gravatar.com\/avatar\/68b3ed45b3ae6ecdad6bfa25b4077e93536d7764172b2830acbdb661d7242512?s=96&d=mm&r=g","height":96,"width":96}},"publisher":{"@type":"Organization","name":"strakon-st.cz","logo":{"@type":"ImageObject","@id":"\/logo.png","url":"\/logo.png","width":600,"height":60}},"image":{"@type":"ImageObject","@id":"https:\/\/www.strakon-st.cz\/wp-content\/uploads\/img_a299794_w2088_t1509723631.jpg","url":"https:\/\/www.strakon-st.cz\/wp-content\/uploads\/img_a299794_w2088_t1509723631.jpg","height":0,"width":0},"url":"https:\/\/www.strakon-st.cz\/mikulas-kopernik-muz-mnoha-profesi\/","wordCount":388,"articleBody":"\tN\u011bkter\u00e1 jm\u00e9na z na\u0161\u00ed i sv\u011btov\u00e9 historie n\u00e1m natolik uv\u00edzla v pam\u011bti, \u017ee je tam ur\u010dit\u011b budeme nosit i v dob\u00e1ch, kdy na n\u00e1s bude \u00fato\u010dit Alzheimerova choroba. Jedn\u00edm z takov\u00fdch jmen je Mikul\u00e1\u0161 Kopern\u00edk.\t\u00a7\u00a0 A\u010dkoliv jeho jm\u00e9no zn\u00ed celkem \u010desky, poch\u00e1z\u00ed ze sousedn\u00edho Polska.\t\u00a7\u00a0 Kdy\u017e roku 1473 p\u0159i\u0161el na sv\u011bt, ur\u010dit\u011b nikdo netu\u0161il, \u017ee se pr\u00e1v\u011b narodil jeden z mu\u017e\u016f, kter\u00fd zm\u011bn\u00ed my\u0161len\u00ed sv\u011bta.\t\tVe sv\u00fdch osmn\u00e1cti letech se nech\u00e1v\u00e1 zapsat na krakovskou Akademii. Pr\u00e1v\u011b tady za\u010d\u00edn\u00e1 Mikul\u00e1\u0161 pochybovat o spr\u00e1vnosti teorie o nehybnosti Zem\u011b. Po zd\u00e1rn\u00e9m ukon\u010den\u00ed studia odch\u00e1z\u00ed na pr\u00e1vnickou fakultu do Boloni. I toto studium \u00fasp\u011b\u0161n\u011b dokon\u010d\u00ed a rozhodne se absolvovat je\u0161t\u011b jednu vysokou \u0161kolu. V Padov\u011b dostuduje coby l\u00e9ka\u0159 a z\u00edsk\u00e1v\u00e1 pr\u00e1vo prov\u00e1d\u011bt l\u00e9ka\u0159skou praxi.\tNejd\u016fle\u017eit\u011bj\u0161\u00ed poznatkyPo studi\u00edch se Mikul\u00e1\u0161 st\u00e1v\u00e1 sekret\u00e1\u0159em a l\u00e9ka\u0159em biskupa warminsk\u00e9ho, kter\u00fd je jeho str\u00fdcem. Pr\u00e1v\u011b tady sepisuje d\u00edlko, kter\u00e9 naz\u00fdv\u00e1 \u201eMal\u00fd koment\u00e1\u0159.\u201c \u00a7\u00a0 V n\u011bm poprv\u00e9 uv\u00e1d\u00ed revolu\u010dn\u00ed my\u0161lenku o pohybu na\u0161\u00ed planety.Hlavn\u00edmi Kopern\u00edkov\u00fdmi my\u0161lenkami jsou:1)\u00a0\u00a0\u00a0 Zem\u011b nen\u00ed st\u0159edem sv\u011bta, je sou\u010d\u00e1st\u00ed ob\u011bhov\u00e9ho kruhu M\u011bs\u00edce.2)\u00a0\u00a0\u00a0 V\u0161echny ob\u011bhov\u00e9 kruhy obklopuj\u00ed Slunce.3)\u00a0\u00a0\u00a0 Pokud bychom m\u011bli porovnat vzd\u00e1lenost mezi Sluncem a Zem\u00ed, pak by byla oproti v\u00fd\u0161ce hv\u011bzd nepatrn\u00e1.4)\u00a0\u00a0\u00a0 Zem\u011b nen\u00ed statickou planetou \u2013 ot\u00e1\u010d\u00ed se kolem Slunce tak, jako ka\u017ed\u00e1 jin\u00e1 planeta.Kolem osoby Mikul\u00e1\u0161e Kopern\u00edka se objevuje jedna z\u00e1hada.Tento vzd\u011blan\u00fd mu\u017e se zab\u00fdv\u00e1 i kartografi\u00ed. Cht\u011bl zmapovat \u00fazem\u00ed Warmie \u2013 historick\u00e1 oblast v n\u00ed\u017ein\u011b u Viselsk\u00e9ho z\u00e1livu. Mapa se ale nedochovala. O existenci mapy v\u011bd\u011bl nastupuj\u00edc\u00ed biskup, kter\u00fd byl podle n\u011bkter\u00fdch zpr\u00e1v agentem ve slu\u017eb\u00e1ch nep\u0159\u00e1telsk\u00e9ho \u0159\u00e1du. Tento mu\u017e m\u011bl \u00fadajn\u011b za \u00fakol mapu ukr\u00e1st. To se mu ale podle v\u0161eho nepoda\u0159ilo. P\u0159esto je mapa nen\u00e1vratn\u011b ztracena. Z\u00e1hadou je, kam tedy mohla zmizet. Objev\u00ed se je\u0161t\u011b n\u011bkdy?\u00a0                                                                                                                                                                                                                                                                                                                                                                                        4.5\/5 - (4 votes)        "},{"@context":"https:\/\/schema.org\/","@type":"BreadcrumbList","itemListElement":[{"@type":"ListItem","position":1,"name":"Mikul\u00e1\u0161 Kopern\u00edk \u2013 mu\u017e mnoha profes\u00ed","item":"https:\/\/www.strakon-st.cz\/mikulas-kopernik-muz-mnoha-profesi\/#breadcrumbitem"}]}]