[{"@context":"https:\/\/schema.org\/","@type":"Article","@id":"https:\/\/www.strakon-st.cz\/dejte-svym-vecem-rad\/#Article","mainEntityOfPage":"https:\/\/www.strakon-st.cz\/dejte-svym-vecem-rad\/","headline":"Dejte sv\u00fdm v\u011bcem \u0159\u00e1d","name":"Dejte sv\u00fdm v\u011bcem \u0159\u00e1d","description":"N\u011bkte\u0159\u00ed lid\u00e9 si libuj\u00ed ve velmi zaj\u00edmav\u00e9m kon\u00ed\u010dku a t\u00edm je sb\u00edr\u00e1n\u00ed v\u011bc\u00ed. Je velmi n\u00e1ro\u010dn\u00e9 tento kon\u00ed\u010dek udr\u017eet na uzd\u011b a pokou\u0161et se ho trochu korigovat. Lidi, kte\u0159\u00ed jsou zvykl\u00ed jezdit nap\u0159\u00edklad po nejr\u016fzn\u011bj\u0161\u00edch bazarech a sna\u017e\u00ed se nakupovat spoustu v\u011bc\u00ed a v\u00fdhodn\u011b, maj\u00ed v\u011bt\u0161inou jednu velkou nev\u00fdhodu a","datePublished":"2023-04-18","dateModified":"2024-02-21","author":{"@type":"Person","@id":"https:\/\/www.strakon-st.cz\/author\/#Person","name":"","url":"https:\/\/www.strakon-st.cz\/author\/","identifier":1,"image":{"@type":"ImageObject","@id":"https:\/\/secure.gravatar.com\/avatar\/68b3ed45b3ae6ecdad6bfa25b4077e93536d7764172b2830acbdb661d7242512?s=96&d=mm&r=g","url":"https:\/\/secure.gravatar.com\/avatar\/68b3ed45b3ae6ecdad6bfa25b4077e93536d7764172b2830acbdb661d7242512?s=96&d=mm&r=g","height":96,"width":96}},"publisher":{"@type":"Organization","name":"strakon-st.cz","logo":{"@type":"ImageObject","@id":"\/logo.png","url":"\/logo.png","width":600,"height":60}},"image":{"@type":"ImageObject","@id":"https:\/\/www.strakon-st.cz\/wp-content\/uploads\/beige-ga035745f5_1920.jpg","url":"https:\/\/www.strakon-st.cz\/wp-content\/uploads\/beige-ga035745f5_1920.jpg","height":0,"width":0},"url":"https:\/\/www.strakon-st.cz\/dejte-svym-vecem-rad\/","about":["Podnik\u00e1n\u00ed"],"wordCount":451,"articleBody":"   N\u011bkte\u0159\u00ed lid\u00e9 si libuj\u00ed ve velmi zaj\u00edmav\u00e9m kon\u00ed\u010dku a t\u00edm je sb\u00edr\u00e1n\u00ed v\u011bc\u00ed. Je velmi n\u00e1ro\u010dn\u00e9 tento kon\u00ed\u010dek udr\u017eet na uzd\u011b a pokou\u0161et se ho trochu korigovat. Lidi, kte\u0159\u00ed jsou zvykl\u00ed jezdit nap\u0159\u00edklad po nejr\u016fzn\u011bj\u0161\u00edch bazarech a sna\u017e\u00ed se nakupovat spoustu v\u011bc\u00ed a v\u00fdhodn\u011b, maj\u00ed v\u011bt\u0161inou jednu velkou nev\u00fdhodu a tou je velk\u00e9 hromad\u011bn\u00ed v\u011bt\u0161inou nepot\u0159ebn\u00fdch v\u011bc\u00ed. Nemus\u00ed to tak ale b\u00fdt u ka\u017ed\u00e9ho a v opravdu velk\u00e9 spoust\u011b p\u0159\u00edpadech jsou v\u011bci opravdu pot\u0159ebn\u00e9, ale t\u0159eba a\u017e za del\u0161\u00ed dobu. Nast\u00e1v\u00e1 ot\u00e1zka, kam s takov\u00fdmi v\u011bcmi zaj\u00edt a jak s takov\u00fdmi v\u011bcmi manipulovat. Nejbezpe\u010dn\u011bj\u0161\u00ed \u0159e\u0161en\u00ed pro \u010dlov\u011bka i pro ty v\u011bci ve v\u011bt\u0161in\u011b p\u0159\u00edpadech b\u00fdv\u00e1 sklad pron\u00e1jem, d\u00edky kter\u00e9mu m\u016f\u017eete sv\u00e9 v\u011bci uchovat opravdu v bezpe\u010d\u00ed a nestresovat se, \u017ee se n\u011bjak poni\u010d\u00ed nebo \u017ee o n\u011b jak\u00fdmkoli zp\u016fsobem p\u0159ijdete. Nejde jen o lidi, kte\u0159\u00ed r\u00e1di sb\u00edraj\u00ed nejr\u016fzn\u011bj\u0161\u00ed v\u011bci, ale tak\u00e9 nap\u0159\u00edklad o podnikatele, kte\u0159\u00ed prost\u011b pot\u0159ebuj\u00ed n\u011bjak\u00fd ten sklad, aby si v n\u011bm uchov\u00e1vali nejr\u016fzn\u011bj\u0161\u00ed v\u011bci k podnik\u00e1n\u00ed. A\u0165 u\u017e je v\u00e1\u0161 z\u00e1m\u011br pro pron\u00e1jem sklad\u016f jak\u00fdkoli, rozhodn\u011b se pod\u00edvejte na na\u0161e nab\u00eddky. Nab\u00edz\u00edme prostory pro v\u0161echny mo\u017en\u00e9 \u00fa\u010dely a v\u0161emo\u017en\u00fdch velikost\u00ed, mezi kter\u00fdmi si jist\u011b ka\u017ed\u00fd \u010dlov\u011bk najde p\u0159esn\u011b to, co pot\u0159ebuje a p\u0159esn\u011b to, co mu bude nejv\u00edce vyhovovat. V na\u0161ich extern\u00edch prostorech se nemus\u00edte b\u00e1t o sv\u00e9 v\u011bci. V\u0161e je v naprost\u00e9m bezpe\u010d\u00ed a na t\u011bch nejlep\u0161\u00edch m\u00edstech, tud\u00ed\u017e n\u00e1m m\u016f\u017eete sv\u011b\u0159it i ten nejn\u00e1ro\u010dn\u011bj\u0161\u00ed majetek. Pod\u00edvejte se na ve\u0161ker\u00e9 na\u0161e nab\u00eddky a uvid\u00edte sami, \u017ee nab\u00eddky, kter\u00e9 nab\u00edz\u00edme, jsou opravdu velmi v\u00fdhodn\u00e9 a \u017ee budete d\u00e1vat sv\u00e9 v\u011bci do t\u011bch nejl\u00e9pe mo\u017en\u00fdch prostor, jak\u00e9 si jen dok\u00e1\u017eete p\u0159edstavit. Velmi r\u00e1di v\u00e1m s v\u00fdb\u011brem porad\u00edme a postar\u00e1me se o to, abyste pro sv\u00e9 v\u011bci na\u0161li ty nejlep\u0161\u00ed prostory a\u0165 u\u017e se jedn\u00e1 o osobn\u00ed kon\u00ed\u010dek nebo o n\u00e1ro\u010dn\u00e9 podnik\u00e1n\u00ed. U n\u00e1s budou va\u0161e v\u011bci v\u017edy v tom nejv\u011bt\u0161\u00edm bezpe\u010d\u00ed.                                                                                                                                                                                                                                                                                                                                                                                          4.4\/5 - (5 votes)        "},{"@context":"https:\/\/schema.org\/","@type":"BreadcrumbList","itemListElement":[{"@type":"ListItem","position":1,"name":"Dejte sv\u00fdm v\u011bcem \u0159\u00e1d","item":"https:\/\/www.strakon-st.cz\/dejte-svym-vecem-rad\/#breadcrumbitem"}]}]