[{"@context":"https:\/\/schema.org\/","@type":"Article","@id":"https:\/\/www.strakon-st.cz\/dalsi-moznosti-pri-vyberu-je-typ-dveri-ktere-budete-u-kancelarske-skrine-pozadovat\/#Article","mainEntityOfPage":"https:\/\/www.strakon-st.cz\/dalsi-moznosti-pri-vyberu-je-typ-dveri-ktere-budete-u-kancelarske-skrine-pozadovat\/","headline":"Dal\u0161\u00ed mo\u017enost\u00ed p\u0159i v\u00fdb\u011bru je typ dve\u0159\u00ed, kter\u00e9 budete u kancel\u00e1\u0159sk\u00e9 sk\u0159\u00edn\u011b po\u017eadovat","name":"Dal\u0161\u00ed mo\u017enost\u00ed p\u0159i v\u00fdb\u011bru je typ dve\u0159\u00ed, kter\u00e9 budete u kancel\u00e1\u0159sk\u00e9 sk\u0159\u00edn\u011b po\u017eadovat","description":"&#13; Pot\u0159ebujete n\u011bjakou praktickou a z\u00e1rove\u0148 kr\u00e1snou kancel\u00e1\u0159skou sk\u0159\u00ed\u0148? &#13; Po\u0159izujete nov\u00fd n\u00e1bytek do va\u0161\u00ed pracovny a r\u00e1di byste si dop\u0159\u00e1li n\u011bjak\u00fd speci\u00e1ln\u00ed n\u00e1bytek, a p\u0159edev\u0161\u00edm takov\u00fd \u00falo\u017en\u00fd prostor, kter\u00fd umo\u017en\u00ed ukl\u00e1dat v\u011bci tak, abyste je v\u017edy dob\u0159e na\u0161li a va\u0161e prostory vypadaly st\u00e1le p\u011bkn\u011b uklizen\u011b. Pokud jste se u\u017e","datePublished":"2017-04-11","dateModified":"2023-05-02","author":{"@type":"Person","@id":"https:\/\/www.strakon-st.cz\/author\/#Person","name":"","url":"https:\/\/www.strakon-st.cz\/author\/","identifier":1,"image":{"@type":"ImageObject","@id":"https:\/\/secure.gravatar.com\/avatar\/68b3ed45b3ae6ecdad6bfa25b4077e93536d7764172b2830acbdb661d7242512?s=96&d=mm&r=g","url":"https:\/\/secure.gravatar.com\/avatar\/68b3ed45b3ae6ecdad6bfa25b4077e93536d7764172b2830acbdb661d7242512?s=96&d=mm&r=g","height":96,"width":96}},"publisher":{"@type":"Organization","name":"strakon-st.cz","logo":{"@type":"ImageObject","@id":"\/logo.png","url":"\/logo.png","width":600,"height":60}},"url":"https:\/\/www.strakon-st.cz\/dalsi-moznosti-pri-vyberu-je-typ-dveri-ktere-budete-u-kancelarske-skrine-pozadovat\/","about":["Zdrav\u00ed"],"wordCount":443,"articleBody":" &#13; Pot\u0159ebujete n\u011bjakou praktickou a z\u00e1rove\u0148 kr\u00e1snou kancel\u00e1\u0159skou sk\u0159\u00ed\u0148?&#13; Po\u0159izujete nov\u00fd n\u00e1bytek do va\u0161\u00ed pracovny a r\u00e1di byste si dop\u0159\u00e1li n\u011bjak\u00fd speci\u00e1ln\u00ed n\u00e1bytek, a p\u0159edev\u0161\u00edm takov\u00fd \u00falo\u017en\u00fd prostor, kter\u00fd umo\u017en\u00ed ukl\u00e1dat v\u011bci tak, abyste je v\u017edy dob\u0159e na\u0161li a va\u0161e prostory vypadaly st\u00e1le p\u011bkn\u011b uklizen\u011b. Pokud jste se u\u017e rozhodli pro design va\u0161eho nov\u00e9ho interi\u00e9ru, jist\u011b jste i bl\u00edzko tomu, vybrat vhodn\u00fd materi\u00e1l nov\u00e9ho n\u00e1bytku. Pokud m\u00e1te v oblib\u011b sp\u00ed\u0161e sv\u011btl\u00e9 d\u0159evo, najde u v\u00e1s m\u00edsto b\u0159\u00edza, borovice nebo t\u0159eba i javorov\u00e9 d\u0159evo. O\u0159ech, dub nebo ak\u00e1t zase d\u00e1 vyniknout barevn\u00fdm v\u011bcem ukl\u00e1dan\u00fdm pr\u00e1v\u011b do tmav\u011bj\u0161\u00edho n\u00e1bytku.&#13; Jak\u00e9 tedy m\u00e1te mo\u017enosti p\u0159i v\u00fdb\u011bru materi\u00e1lu a barevnosti va\u0161\u00ed nov\u00e9 kancel\u00e1\u0159sk\u00e9 sk\u0159\u00edn\u011b?&#13; &#8211; ak\u00e1t (d\u0159evo) &#13; &#8211; azurov\u00e1 barva&#13; &#8211; b\u00e9\u017eov\u00e1 barva&#13; &#8211; b\u00edl\u00e1 barva &#13; &#8211; b\u0159\u00edza (d\u0159evo)&#13; &#8211; buk (d\u0159evo)&#13; &#8211; \u010dern\u00e1 barva&#13; &#8211; hru\u0161ka, hru\u0161ka divok\u00e1 (d\u0159evo)&#13; &#8211; dub antracit, \u0161ed\u00fd, p\u0159\u00edrodn\u00ed sv\u011btl\u00fd (d\u0159evo)&#13; &#8211; javor (d\u0159evo)&#13; &#8211; o\u0159ech (d\u0159evo)&#13; &#8211; \u0161ed\u00e1 barva&#13; &#8211; sv\u011btle hn\u011bd\u00e1 barva&#13; &#8211; o\u0159ech sv\u011btl\u00fd i tmav\u00fd (d\u0159evo)&#13; &#8211; t\u0159e\u0161e\u0148 (d\u0159evo) &#13; &#8211; vi\u0161e\u0148 (d\u0159evo)&#13; &#8211; wenge barva&#13; &#13; A\u0165 u\u017e se rozhodnete pro \u0159e\u0161en\u00ed sklen\u011bn\u00fdch dve\u0159\u00ed, dve\u0159\u00ed k\u0159\u00eddlov\u00fdch, zasouvac\u00edch, \u017ealuziov\u00fdch \u010di lamelov\u00fdch, nebo d\u00e1te p\u0159ednost otev\u0159en\u00e9mu n\u00e1bytku, v\u017edy si m\u016f\u017eete vybrat p\u0159esn\u011b to prav\u00e9 podle va\u0161eho vkusu, pot\u0159eb, p\u0159edstav i p\u0159\u00e1n\u00ed. Nejlep\u0161\u00edm \u0159e\u0161en\u00edm je takov\u00e9, kter\u00e9 bude p\u0159esn\u011b zapadat do celkov\u00e9ho interi\u00e9ru va\u0161eho pracovi\u0161t\u011b a bude vytv\u00e1\u0159et ucelen\u00fd kompaktn\u00ed dojem. Ur\u010dit\u011b uv\u00edt\u00e1te pr\u00e1v\u011b takov\u00fd prostor, kter\u00fd bude p\u0159\u00edjemn\u00fdm a pohodln\u00fdm po celou pracovn\u00ed dobu a kde se budete c\u00edtit uvoln\u011bn\u011b a st\u00e1le v pohod\u011b.&#13; Ke ka\u017ed\u00e9 kancel\u00e1\u0159sk\u00e9 sk\u0159\u00edni, zvolte i vhodn\u00fd st\u016fl a p\u0159\u00edjemnou \u017eidli&#13; &#13; &#13; Pro\u010d jsou pr\u00e1v\u011b v\u00fdb\u011br stolu a \u017eidle tak d\u016fle\u017eit\u00e9? Zejm\u00e9na proto\u017ee pr\u00e1v\u011b pohodl\u00ed p\u0159i pr\u00e1ci tvo\u0159\u00ed polovinu \u00fasp\u011bchu a zvy\u0161uje v\u00e1\u0161 pracovn\u00ed v\u00fdkon. Nen\u00ed dobr\u00e9 tedy \u0161et\u0159it pr\u00e1v\u011b p\u0159i v\u00fdb\u011bru n\u00e1bytku, proto\u017ee nepohodln\u00e9 pracovi\u0161t\u011b, zp\u016fsobuje nep\u0159\u00edjemn\u00fd stres, fyzick\u00e9 nepohodl\u00ed a t\u00edm i men\u0161\u00ed efektivitu v\u00fdkonu v pr\u00e1ci.                                                                                                                                                                                                                                                                                                                                                                                        4.2\/5 - (5 votes)        "},{"@context":"https:\/\/schema.org\/","@type":"BreadcrumbList","itemListElement":[{"@type":"ListItem","position":1,"name":"Dal\u0161\u00ed mo\u017enost\u00ed p\u0159i v\u00fdb\u011bru je typ dve\u0159\u00ed, kter\u00e9 budete u kancel\u00e1\u0159sk\u00e9 sk\u0159\u00edn\u011b po\u017eadovat","item":"https:\/\/www.strakon-st.cz\/dalsi-moznosti-pri-vyberu-je-typ-dveri-ktere-budete-u-kancelarske-skrine-pozadovat\/#breadcrumbitem"}]}]