[{"@context":"https:\/\/schema.org\/","@type":"Article","@id":"https:\/\/www.strakon-st.cz\/co-je-treba-udelat-na-zahrade-na-podzim\/#Article","mainEntityOfPage":"https:\/\/www.strakon-st.cz\/co-je-treba-udelat-na-zahrade-na-podzim\/","headline":"Co je t\u0159eba ud\u011blat na zahrad\u011b na podzim","name":"Co je t\u0159eba ud\u011blat na zahrad\u011b na podzim","description":"Ka\u017ed\u00e9 ro\u010dn\u00ed obdob\u00ed si \u017e\u00e1d\u00e1 jinou p\u00e9\u010di o Va\u0161i zahradu, v l\u00e9t\u011b se koch\u00e1me rozkvetl\u00fdmi kv\u011bty, rozkvetl\u00fdm zahradn\u00edm jez\u00edrkem, opalujeme se, grilujeme s p\u0159\u00e1teli, ale s nadch\u00e1zej\u00edc\u00edm podzimem to neznamen\u00e1, \u017ee pr\u00e1ce na zahrad\u011b kon\u010d\u00ed. 1)\u00a0\u00a0\u00a0\u00a0 D\u016fle\u017eit\u00e9 je pravideln\u00e9 hrab\u00e1n\u00ed list\u00ed, z kter\u00e9ho potom ud\u011bl\u00e1te kompost, nejvhodn\u011bj\u0161\u00ed m\u00edsto pro kompost","datePublished":"2025-03-05","dateModified":"2023-05-02","author":{"@type":"Person","@id":"https:\/\/www.strakon-st.cz\/author\/#Person","name":"","url":"https:\/\/www.strakon-st.cz\/author\/","identifier":1,"image":{"@type":"ImageObject","@id":"https:\/\/secure.gravatar.com\/avatar\/68b3ed45b3ae6ecdad6bfa25b4077e93536d7764172b2830acbdb661d7242512?s=96&d=mm&r=g","url":"https:\/\/secure.gravatar.com\/avatar\/68b3ed45b3ae6ecdad6bfa25b4077e93536d7764172b2830acbdb661d7242512?s=96&d=mm&r=g","height":96,"width":96}},"publisher":{"@type":"Organization","name":"strakon-st.cz","logo":{"@type":"ImageObject","@id":"\/logo.png","url":"\/logo.png","width":600,"height":60}},"image":{"@type":"ImageObject","@id":"https:\/\/www.strakon-st.cz\/wp-content\/uploads\/img_a293627_w2233_t1505839342.jpg","url":"https:\/\/www.strakon-st.cz\/wp-content\/uploads\/img_a293627_w2233_t1505839342.jpg","height":0,"width":0},"url":"https:\/\/www.strakon-st.cz\/co-je-treba-udelat-na-zahrade-na-podzim\/","wordCount":404,"articleBody":"Ka\u017ed\u00e9 ro\u010dn\u00ed obdob\u00ed si \u017e\u00e1d\u00e1 jinou p\u00e9\u010di o Va\u0161i zahradu, v l\u00e9t\u011b se koch\u00e1me rozkvetl\u00fdmi kv\u011bty, rozkvetl\u00fdm zahradn\u00edm jez\u00edrkem, opalujeme se, grilujeme s p\u0159\u00e1teli, ale s nadch\u00e1zej\u00edc\u00edm podzimem to neznamen\u00e1, \u017ee pr\u00e1ce na zahrad\u011b kon\u010d\u00ed.1)\u00a0\u00a0\u00a0\u00a0 D\u016fle\u017eit\u00e9 je pravideln\u00e9 hrab\u00e1n\u00ed list\u00ed, z kter\u00e9ho potom ud\u011bl\u00e1te kompost, nejvhodn\u011bj\u0161\u00ed m\u00edsto pro kompost je v polost\u00ednu, pod n\u011bjak\u00fdm stromem, pozor, do kompostu pat\u0159\u00ed jen organick\u00fd odpad, jako nap\u0159. zbytky zeleniny, pr\u00e1v\u011b list\u00ed apod. \u0158\u00edk\u00e1te si, k \u010demu je dobr\u00fd kompost, pokud se zahradni\u010den\u00edm teprve leto\u0161n\u00ed rok za\u010d\u00edn\u00e1te? Kompost ocen\u00edovocn\u00e9 stromy, tr\u00e1vn\u00edk, okrasn\u00e9 ke\u0159e i kv\u011btiny. Prosp\u00edv\u00e1 nap\u0159\u00edklad okurk\u00e1m, cuket\u00e1m nebo d\u00fdni \u2013 tyto rostliny se n\u011bkdy p\u011bstuj\u00ed p\u0159\u00edmo ve zraj\u00edc\u00edm kompostu. Kompost m\u016f\u017ee p\u0159isp\u011bt k rozvoji a rozkv\u011btu v\u011bt\u0161iny rostlin v byt\u011b, na zahrad\u011b, na dvorku \u010di terase, na balkon\u011b a za okny.2)\u00a0\u00a0\u00a0\u00a0 Po sklizen\u00ed ve\u0161ker\u00e9 zeleniny nezapome\u0148te zr\u00fdt v\u0161echny z\u00e1hony, a p\u0159ipravit je tak na p\u0159\u00ed\u0161t\u00ed sez\u00f3nu, a tak\u00e9 je mus\u00edte zbavit ve\u0161ker\u00e9ho plevele.3)\u00a0\u00a0\u00a0\u00a0 Pr\u00e1v\u011b na podzim je vhodn\u00fd \u010das na vysazov\u00e1n\u00ed ovocn\u00fdch strom\u016f a tak\u00e9 r\u016f\u017e\u00ed, na podzim si vysa\u010fte tak\u00e9 cibuloviny.4)\u00a0\u00a0\u00a0\u00a0 Pokud m\u00e1te zalo\u017eenou skalku, ta nepot\u0159ebuje p\u0159ed zimou zvl\u00e1\u0161tn\u00ed p\u00e9\u010di, samoz\u0159ejmost\u00ed je ov\u0161em tak\u00e9 ji zbavit ve\u0161ker\u00e9ho plevele.5)\u00a0\u00a0\u00a0\u00a0 D\u016fle\u017eit\u00e9 je tak\u00e9 je\u0161t\u011b na podzim sekat tr\u00e1vn\u00edk, pokud mo\u017eno ho sekejte do p\u0159\u00edchodu prvn\u00edch mraz\u00edk\u016f.6)\u00a0\u00a0\u00a0\u00a0 M\u00e1te zahradn\u00ed jez\u00edrko? Ze zahradn\u00edho jez\u00edrka byste m\u011bli tak\u00e9 odstra\u0148ovat postupn\u011b spadan\u00e9 list\u00ed a odum\u0159el\u00e9 \u010d\u00e1sti rostlin, v\u0161echny rostlinn\u00e9 zbytky toti\u017e zvy\u0161uj\u00ed mo\u017enost tvorby \u0159as.Pokud m\u00e1te na zahrad\u011b zapu\u0161t\u011bn\u00fd baz\u00e9n, tak\u00e9 se o n\u011bj mus\u00edte postarat, aby V\u00e1m slou\u017eil nejen dal\u0161\u00ed l\u00e9to, ale je\u0161t\u011b \u0159adu let, nejlep\u0161\u00ed je informovat se o \u00fadr\u017eb\u011b ve firm\u011b, kter\u00e1 V\u00e1m baz\u00e9n budovala, nebo si naj\u00edt dostupn\u00e9 informace na internetu, nedejte na rady soused\u016f, kte\u0159\u00ed maj\u00ed nafukovac\u00ed baz\u00e9n, kter\u00fd na podzim p\u0159ikryj\u00ed plachtou, a v zim\u011b ho uklid\u00ed.                                                                                                                                                                                                                                                                                                                                                                                        4\/5 - (5 votes)        "},{"@context":"https:\/\/schema.org\/","@type":"BreadcrumbList","itemListElement":[{"@type":"ListItem","position":1,"name":"Co je t\u0159eba ud\u011blat na zahrad\u011b na podzim","item":"https:\/\/www.strakon-st.cz\/co-je-treba-udelat-na-zahrade-na-podzim\/#breadcrumbitem"}]}]